{"id":3710,"date":"2025-06-12T13:52:43","date_gmt":"2025-06-12T13:52:43","guid":{"rendered":"https:\/\/atelierbycatarino.pt\/?p=3710"},"modified":"2025-06-12T16:31:42","modified_gmt":"2025-06-12T16:31:42","slug":"workshop-de-brincos-em-prata-925-uma-experiencia-diferente-de-verao-em-lisboa","status":"publish","type":"post","link":"https:\/\/atelierbycatarino.pt\/en\/blog\/atelierbycatarino\/workshop-de-brincos-em-prata-925-uma-experiencia-diferente-de-verao-em-lisboa\/","title":{"rendered":"Workshop de Brincos em Prata 925: Uma Experi\u00eancia Diferente de Ver\u00e3o em Lisboa\u00a0"},"content":{"rendered":"<p>Est\u00e1 \u00e0 procura de uma experi\u00eancia diferente e criativa para este ver\u00e3o? O <a href=\"https:\/\/www.instagram.com\/atelierbycatarino\" target=\"_blank\" rel=\"noreferrer noopener\"><strong>Atelier by Catarino<\/strong><\/a> convida-o para um <strong>workshop de brincos em prata 925<\/strong>, no dia <strong>28 de junho, \u00e0s 14h30<\/strong>, em Lisboa.&nbsp;<\/p>\n\n\n\n<p>Neste workshop \u00fanico, vai poder <strong>dar vida \u00e0 sua pr\u00f3pria joia<\/strong>, num ambiente descontra\u00eddo, inspirador e com orienta\u00e7\u00e3o especializada. Uma atividade diferente em Lisboa \u2014 perfeita para quem quer fazer algo novo, bonito e com significado.&nbsp;<\/p>\n\n\n\n<p>\u2728 <strong>Venha viver um dia diferente, cheio de significado.<\/strong><br>Traga as amigas, convide a m\u00e3e ou surpreenda algu\u00e9m especial \u2014 este \u00e9 o tipo de experi\u00eancia que marca. Entre risos, prata e criatividade, vai criar n\u00e3o s\u00f3 um par de brincos \u00fanicos, mas tamb\u00e9m mem\u00f3rias que ficam. Um presente feito por si, para si ou para oferecer a algu\u00e9m especial. D\u00ea vida ao seu ver\u00e3o com algo verdadeiramente seu.<\/p>\n\n\n\n<figure class=\"wp-block-image size-large\"><img fetchpriority=\"high\" decoding=\"async\" width=\"1024\" height=\"683\" src=\"https:\/\/atelierbycatarino.pt\/wp-content\/uploads\/2025\/06\/DSC02995-min-1-1024x683.jpg\" alt=\"\" class=\"wp-image-3744\" srcset=\"https:\/\/atelierbycatarino.pt\/wp-content\/uploads\/2025\/06\/DSC02995-min-1-1024x683.jpg 1024w, https:\/\/atelierbycatarino.pt\/wp-content\/uploads\/2025\/06\/DSC02995-min-1-300x200.jpg 300w, https:\/\/atelierbycatarino.pt\/wp-content\/uploads\/2025\/06\/DSC02995-min-1-768x512.jpg 768w, https:\/\/atelierbycatarino.pt\/wp-content\/uploads\/2025\/06\/DSC02995-min-1-1536x1024.jpg 1536w, https:\/\/atelierbycatarino.pt\/wp-content\/uploads\/2025\/06\/DSC02995-min-1-2048x1365.jpg 2048w, https:\/\/atelierbycatarino.pt\/wp-content\/uploads\/2025\/06\/DSC02995-min-1-18x12.jpg 18w, https:\/\/atelierbycatarino.pt\/wp-content\/uploads\/2025\/06\/DSC02995-min-1-600x400.jpg 600w\" sizes=\"(max-width: 1024px) 100vw, 1024px\" \/><\/figure>\n\n\n\n<h2 class=\"wp-block-heading\">\u2728<strong> O Que Vai Criar?&nbsp;<\/strong><\/h2>\n\n\n\n<p>Durante esta experi\u00eancia, vai:&nbsp;<\/p>\n\n\n\n<ul class=\"wp-block-list\">\n<li>Aprender <strong>t\u00e9cnicas base de joalharia <\/strong>&nbsp;<\/li>\n<\/ul>\n\n\n\n<ul class=\"wp-block-list\">\n<li>Trabalhar com <strong>prata 925%<\/strong>&nbsp;<\/li>\n<\/ul>\n\n\n\n<ul class=\"wp-block-list\">\n<li>Criar um <strong>par de brincos totalmente feito por si<\/strong>&nbsp;<\/li>\n<\/ul>\n\n\n\n<ul class=\"wp-block-list\">\n<li>Levar para casa uma <strong>pe\u00e7a exclusiva e personalizada<\/strong>&nbsp;<\/li>\n<\/ul>\n\n\n\n<p>\ud83d\udca1 <strong>N\u00e3o precisa de experi\u00eancia anterior<\/strong> \u2014 apenas boa disposi\u00e7\u00e3o e vontade de aprender!&nbsp;<\/p>\n\n\n\n<p><\/p>\n\n\n\n<h2 class=\"wp-block-heading\"><strong>\ud83d\udcc5 Detalhes do Workshop&nbsp;<\/strong><\/h2>\n\n\n\n<ul class=\"wp-block-list\">\n<li>\ud83d\uddd3 <strong>Date<\/strong>: 28 de junho (s\u00e1bado)&nbsp;<\/li>\n<\/ul>\n\n\n\n<ul class=\"wp-block-list\">\n<li>\ud83d\udd52 <strong>Hora<\/strong>: das 14h30 \u00e0s 18h00&nbsp;<\/li>\n<\/ul>\n\n\n\n<ul class=\"wp-block-list\">\n<li>\ud83d\udccd <strong>Local<\/strong>: Atelier by Catarino \u2013 <a href=\"https:\/\/www.google.com\/maps\/place\/Atelier+by+Catarino\/@38.7565665,-9.2780691,19.5z\/data=!4m15!1m8!3m7!1s0xd1ecdd87dca0355:0x2a98754b87715924!2sR.+Direita+de+Massam%C3%A1+101+Loja+A,+Massam%C3%A1,+2745-756+Queluz!3b1!8m2!3d38.7567495!4d-9.2781278!16s%2Fg%2F11vkjbr56j!3m5!1s0xd1ecdef2e29a88b:0xb7b7a74b5e70b20b!8m2!3d38.7567671!4d-9.2781929!16s%2Fg%2F11wmpfxnc6?entry=ttu&amp;g_ep=EgoyMDI1MDYwOC4wIKXMDSoASAFQAw%3D%3Dde+Massam%C3%A1+101+Loja+A,+Massam%C3%A1,+2745-756+Queluz\/@38.7567495,-9.2807027,17z\/data=!3m1!4b1!4m6!3m5!1s0xd1ecdd87dca0355:0x2a98754b87715924!8m2!3d38.7567495!4d-9.2781278!16s%2Fg%2F11vkjbr56j?entry=ttu&amp;g_ep=EgoyMDI1MDYwOC4wIKXMDSoASAFQAw%3D%3D\" data-type=\"link\" data-id=\"https:\/\/www.google.com\/maps\/place\/Atelier+by+Catarino\/@38.7565665,-9.2780691,19.5z\/data=!4m15!1m8!3m7!1s0xd1ecdd87dca0355:0x2a98754b87715924!2sR.+Direita+de+Massam%C3%A1+101+Loja+A,+Massam%C3%A1,+2745-756+Queluz!3b1!8m2!3d38.7567495!4d-9.2781278!16s%2Fg%2F11vkjbr56j!3m5!1s0xd1ecdef2e29a88b:0xb7b7a74b5e70b20b!8m2!3d38.7567671!4d-9.2781929!16s%2Fg%2F11wmpfxnc6?entry=ttu&amp;g_ep=EgoyMDI1MDYwOC4wIKXMDSoASAFQAw%3D%3Dde+Massam%C3%A1+101+Loja+A,+Massam%C3%A1,+2745-756+Queluz\/@38.7567495,-9.2807027,17z\/data=!3m1!4b1!4m6!3m5!1s0xd1ecdd87dca0355:0x2a98754b87715924!8m2!3d38.7567495!4d-9.2781278!16s%2Fg%2F11vkjbr56j?entry=ttu&amp;g_ep=EgoyMDI1MDYwOC4wIKXMDSoASAFQAw%3D%3D\">Rua Direita de Massam\u00e1 101, Loja A<\/a><\/li>\n<\/ul>\n\n\n\n<ul class=\"wp-block-list\">\n<li>\ud83d\udcb6 <strong>Valor<\/strong>: 150\u20ac&nbsp;<br><em>(inclui todos os materiais, ferramentas, prata 925, acompanhamento t\u00e9cnico personalizado, coffee-break e momentos fotogr\u00e1ficos e de v\u00eddeo para registar a experi\u00eancia e um par de brincos feito por si)<\/em>&nbsp;<\/li>\n<\/ul>\n\n\n\n<p>\ud83d\udcf8 Leve n\u00e3o s\u00f3 os brincos, mas tamb\u00e9m <strong>mem\u00f3rias bonitas <\/strong>do processo criativo! A nossa equipa vai filmar e fotografar o workshop e depois envia-lhe os registos.<\/p>\n\n\n\n<p>\ud83d\udd17 <a href=\"\/en\/apoiocliente@atelierbycatarino.pt\/\" data-type=\"link\" data-id=\"apoiocliente@atelierbycatarino.pt\"><strong>Inscreva-se por email<\/strong>&nbsp;<\/a><\/p>\n\n\n\n<p>\ud83d\udcf2 Ou envie-nos uma mensagem direta no Instagram: <a href=\"https:\/\/www.instagram.com\/atelierbycatarino\/\" data-type=\"link\" data-id=\"https:\/\/www.instagram.com\/atelierbycatarino\/\"><strong>@atelierbycatarino<\/strong>&nbsp;<\/a><\/p>\n\n\n\n<p><\/p>\n\n\n\n<h2 class=\"wp-block-heading\"><strong>Um Ver\u00e3o Criativo em Lisboa&nbsp;<\/strong><\/h2>\n\n\n\n<p>Este workshop \u00e9 ideal para:&nbsp;<\/p>\n\n\n\n<ul class=\"wp-block-list\">\n<li>Quem procura <strong>atividades manuais ou art\u00edsticas em Lisboa<\/strong>&nbsp;<\/li>\n<\/ul>\n\n\n\n<ul class=\"wp-block-list\">\n<li><strong>Amantes de joalharia<\/strong>&nbsp;<\/li>\n<\/ul>\n\n\n\n<ul class=\"wp-block-list\">\n<li>Grupos de amigas, m\u00e3es e filhas ou at\u00e9 despedidas de solteira&nbsp;<\/li>\n<\/ul>\n\n\n\n<ul class=\"wp-block-list\">\n<li>Pessoas que querem aprender algo novo e relaxar de forma criativa&nbsp;<\/li>\n<\/ul>\n\n\n\n<p>\ud83c\udf81 Leva uma joia feita por si \u2014 e isso, ningu\u00e9m pode replicar.<\/p>\n\n\n\n<figure class=\"wp-block-image size-large\"><img decoding=\"async\" width=\"1024\" height=\"683\" src=\"https:\/\/atelierbycatarino.pt\/wp-content\/uploads\/2025\/06\/DSC02991-min-1-1024x683.jpg\" alt=\"\" class=\"wp-image-3737\" srcset=\"https:\/\/atelierbycatarino.pt\/wp-content\/uploads\/2025\/06\/DSC02991-min-1-1024x683.jpg 1024w, https:\/\/atelierbycatarino.pt\/wp-content\/uploads\/2025\/06\/DSC02991-min-1-300x200.jpg 300w, https:\/\/atelierbycatarino.pt\/wp-content\/uploads\/2025\/06\/DSC02991-min-1-768x512.jpg 768w, https:\/\/atelierbycatarino.pt\/wp-content\/uploads\/2025\/06\/DSC02991-min-1-1536x1024.jpg 1536w, https:\/\/atelierbycatarino.pt\/wp-content\/uploads\/2025\/06\/DSC02991-min-1-2048x1365.jpg 2048w, https:\/\/atelierbycatarino.pt\/wp-content\/uploads\/2025\/06\/DSC02991-min-1-18x12.jpg 18w, https:\/\/atelierbycatarino.pt\/wp-content\/uploads\/2025\/06\/DSC02991-min-1-600x400.jpg 600w\" sizes=\"(max-width: 1024px) 100vw, 1024px\" \/><\/figure>\n\n\n\n<h2 class=\"wp-block-heading\">\ud83d\udce9 Como Participar?&nbsp;<\/h2>\n\n\n\n<p>As vagas s\u00e3o limitadas para garantir um acompanhamento pr\u00f3ximo e personalizado.&nbsp;<br>Garanta j\u00e1 o seu lugar:&nbsp;<\/p>\n\n\n\n<p>\ud83d\udce7 <a href=\"mailto:apoiocliente@atelierbycatarino.pt\" target=\"_blank\" rel=\"noreferrer noopener\"><strong>apoiocliente@atelierbycatarino.pt<\/strong><\/a><strong><\/strong>&nbsp;<br>\ud83d\udcf1 <a href=\"https:\/\/www.instagram.com\/atelierbycatarino\" target=\"_blank\" rel=\"noreferrer noopener\"><strong>Instagram @atelierbycatarino<\/strong><\/a>&nbsp;<\/p>\n\n\n\n<p>Ap\u00f3s a inscri\u00e7\u00e3o, enviaremos todos os detalhes para que possa preparar-se para uma tarde criativa e inesquec\u00edvel.&nbsp;<\/p>\n\n\n\n<h2 class=\"wp-block-heading\">Pronto(a) para criar com as suas pr\u00f3prias m\u00e3os?&nbsp;<\/h2>\n\n\n\n<p>Este \u00e9 o convite para <strong>desligar-se da rotina, explorar o seu lado art\u00edstico e criar algo verdadeiramente \u00fanico<\/strong> \u2014 com prata, com alma, com prop\u00f3sito.&nbsp;<\/p>\n\n\n\n<p>Esperamos por si no <strong>Atelier by Catarino<\/strong>, em Lisboa! \ud83c\udf3f&nbsp;<\/p>\n\n\n\n<figure class=\"wp-block-gallery has-nested-images columns-default is-cropped wp-block-gallery-1 is-layout-flex wp-block-gallery-is-layout-flex\">\n<figure class=\"wp-block-image size-large\"><img decoding=\"async\" width=\"1024\" height=\"683\" data-id=\"3721\" src=\"https:\/\/atelierbycatarino.pt\/wp-content\/uploads\/2025\/06\/DSC02704-1024x683.jpg\" alt=\"\" class=\"wp-image-3721\" srcset=\"https:\/\/atelierbycatarino.pt\/wp-content\/uploads\/2025\/06\/DSC02704-1024x683.jpg 1024w, https:\/\/atelierbycatarino.pt\/wp-content\/uploads\/2025\/06\/DSC02704-300x200.jpg 300w, https:\/\/atelierbycatarino.pt\/wp-content\/uploads\/2025\/06\/DSC02704-768x512.jpg 768w, https:\/\/atelierbycatarino.pt\/wp-content\/uploads\/2025\/06\/DSC02704-1536x1024.jpg 1536w, https:\/\/atelierbycatarino.pt\/wp-content\/uploads\/2025\/06\/DSC02704-2048x1365.jpg 2048w, https:\/\/atelierbycatarino.pt\/wp-content\/uploads\/2025\/06\/DSC02704-18x12.jpg 18w, https:\/\/atelierbycatarino.pt\/wp-content\/uploads\/2025\/06\/DSC02704-600x400.jpg 600w\" sizes=\"(max-width: 1024px) 100vw, 1024px\" \/><\/figure>\n<\/figure>\n\n\n\n<p>Se criar um par de brincos n\u00e3o for a sua atividade favorita, experimente o nosso <a href=\"https:\/\/atelierbycatarino.pt\/en\/product\/aneis-delicados\/\" data-type=\"link\" data-id=\"https:\/\/atelierbycatarino.pt\/produto\/aneis-delicados\/\">workshop de an\u00e9is<\/a> em outubro&#8230;!<\/p>\n\n\n\n<figure class=\"wp-block-gallery has-nested-images columns-default is-cropped wp-block-gallery-2 is-layout-flex wp-block-gallery-is-layout-flex\"><\/figure>\n\n\n\n<p><\/p>","protected":false},"excerpt":{"rendered":"<p>Est\u00e1 \u00e0 procura de uma experi\u00eancia diferente e criativa para este ver\u00e3o? O Atelier by Catarino convida-o para um workshop de brincos em prata 925, no dia 28 de junho, \u00e0s 14h30, em Lisboa.&nbsp; Neste workshop \u00fanico, vai poder dar vida \u00e0 sua pr\u00f3pria joia, num ambiente descontra\u00eddo, inspirador e com orienta\u00e7\u00e3o especializada. Uma atividade [&hellip;]<\/p>","protected":false},"author":4,"featured_media":3736,"comment_status":"closed","ping_status":"open","sticky":false,"template":"","format":"standard","meta":{"_acf_changed":false,"_monsterinsights_skip_tracking":false,"_monsterinsights_sitenote_active":false,"_monsterinsights_sitenote_note":"","_monsterinsights_sitenote_category":0,"footnotes":""},"categories":[1],"tags":[],"class_list":["post-3710","post","type-post","status-publish","format-standard","has-post-thumbnail","hentry","category-atelierbycatarino"],"acf":[],"_links":{"self":[{"href":"https:\/\/atelierbycatarino.pt\/en\/wp-json\/wp\/v2\/posts\/3710","targetHints":{"allow":["GET"]}}],"collection":[{"href":"https:\/\/atelierbycatarino.pt\/en\/wp-json\/wp\/v2\/posts"}],"about":[{"href":"https:\/\/atelierbycatarino.pt\/en\/wp-json\/wp\/v2\/types\/post"}],"author":[{"embeddable":true,"href":"https:\/\/atelierbycatarino.pt\/en\/wp-json\/wp\/v2\/users\/4"}],"replies":[{"embeddable":true,"href":"https:\/\/atelierbycatarino.pt\/en\/wp-json\/wp\/v2\/comments?post=3710"}],"version-history":[{"count":3,"href":"https:\/\/atelierbycatarino.pt\/en\/wp-json\/wp\/v2\/posts\/3710\/revisions"}],"predecessor-version":[{"id":3754,"href":"https:\/\/atelierbycatarino.pt\/en\/wp-json\/wp\/v2\/posts\/3710\/revisions\/3754"}],"wp:featuredmedia":[{"embeddable":true,"href":"https:\/\/atelierbycatarino.pt\/en\/wp-json\/wp\/v2\/media\/3736"}],"wp:attachment":[{"href":"https:\/\/atelierbycatarino.pt\/en\/wp-json\/wp\/v2\/media?parent=3710"}],"wp:term":[{"taxonomy":"category","embeddable":true,"href":"https:\/\/atelierbycatarino.pt\/en\/wp-json\/wp\/v2\/categories?post=3710"},{"taxonomy":"post_tag","embeddable":true,"href":"https:\/\/atelierbycatarino.pt\/en\/wp-json\/wp\/v2\/tags?post=3710"}],"curies":[{"name":"wp","href":"https:\/\/api.w.org\/{rel}","templated":true}]}}