{"id":2981,"date":"2024-06-29T12:19:44","date_gmt":"2024-06-29T12:19:44","guid":{"rendered":"https:\/\/atelierbycatarino.pt\/?p=2981"},"modified":"2024-07-02T12:24:24","modified_gmt":"2024-07-02T12:24:24","slug":"o-1o-aniversario-da-nossa-ourivesaria-em-massama-2","status":"publish","type":"post","link":"https:\/\/atelierbycatarino.pt\/en\/blog\/atelierbycatarino\/o-1o-aniversario-da-nossa-ourivesaria-em-massama-2\/","title":{"rendered":"O 1\u00ba Anivers\u00e1rio da nossa ourivesaria em Massam\u00e1!"},"content":{"rendered":"<p>Hoje celebramos o primeiro anivers\u00e1rio da nossa ourivesaria, <a href=\"https:\/\/catarinojoiaserelogios.pt\/\" data-type=\"link\" data-id=\"https:\/\/catarinojoiaserelogios.pt\/\">Catarino Joias e Rel\u00f3gios<\/a>, em Massam\u00e1. Foi no dia 18 de junho de 2023 que inaugur\u00e1mos a Catarino Joias e Rel\u00f3gios em Massam\u00e1. De maneira a celebrarmos o 1\u00ba anivers\u00e1rio da nossa ourivesaria, e assinalarmos esta data especial, prepar\u00e1mos um evento que conta com o nosso Atelier by Catarino.<\/p>\n\n\n\n<figure class=\"wp-block-gallery has-nested-images columns-default is-cropped wp-block-gallery-1 is-layout-flex wp-block-gallery-is-layout-flex\">\n<figure class=\"wp-block-image size-large\"><img fetchpriority=\"high\" decoding=\"async\" width=\"1024\" height=\"683\" data-id=\"2934\" src=\"https:\/\/atelierbycatarino.pt\/wp-content\/uploads\/2024\/06\/DSC02383-1024x683.jpg\" alt=\"\" class=\"wp-image-2934\" srcset=\"https:\/\/atelierbycatarino.pt\/wp-content\/uploads\/2024\/06\/DSC02383-1024x683.jpg 1024w, https:\/\/atelierbycatarino.pt\/wp-content\/uploads\/2024\/06\/DSC02383-300x200.jpg 300w, https:\/\/atelierbycatarino.pt\/wp-content\/uploads\/2024\/06\/DSC02383-768x512.jpg 768w, https:\/\/atelierbycatarino.pt\/wp-content\/uploads\/2024\/06\/DSC02383-1536x1024.jpg 1536w, https:\/\/atelierbycatarino.pt\/wp-content\/uploads\/2024\/06\/DSC02383-2048x1365.jpg 2048w, https:\/\/atelierbycatarino.pt\/wp-content\/uploads\/2024\/06\/DSC02383-18x12.jpg 18w, https:\/\/atelierbycatarino.pt\/wp-content\/uploads\/2024\/06\/DSC02383-600x400.jpg 600w\" sizes=\"(max-width: 1024px) 100vw, 1024px\" \/><\/figure>\n<\/figure>\n\n\n\n<p><strong>O Atelier by Catarino<\/strong><\/p>\n\n\n\n<p>De maneira a dinamizar este evento especial, o Atelier by Catarino foi o grande convidado. Mas afinal o que \u00e9 o Atelier by Catarino?<\/p>\n\n\n\n<p>O Atelier by Catarino surge com a miss\u00e3o de oferecer uma experi\u00eancia \u00fanica, onde a tradi\u00e7\u00e3o e a habilidade se unem para criar momentos inesquec\u00edveis. O nosso atelier \u00e9 um convite para entrar no mundo da ourivesaria e da relojoaria, permitindo uma imers\u00e3o profunda em cada etapa do processo de cria\u00e7\u00e3o e manuten\u00e7\u00e3o de joias e rel\u00f3gios.<\/p>\n\n\n\n<p>Hoje, as pessoas que nos visitaram tiveram a oportunidade de ver:<\/p>\n\n\n\n<ul class=\"wp-block-list\">\n<li><strong>T\u00e9cnicos em A\u00e7\u00e3o<\/strong>: Seja na arte minuciosa da ourivesaria ou na precis\u00e3o t\u00e9cnica da relojoaria, os nossos clientes puderam acompanhar cada detalhe do of\u00edcio.<\/li>\n\n\n\n<li><strong>Atelier Integrado<\/strong>: O Atelier by Catarino est\u00e1 integrado na Catarino Joias e Rel\u00f3gios, oferecendo um ambiente onde a cria\u00e7\u00e3o e a tradi\u00e7\u00e3o se encontram. Aqui, cada pe\u00e7a ganha vida num espa\u00e7o pensado para valorizar a arte.<\/li>\n<\/ul>\n\n\n\n<figure class=\"wp-block-gallery has-nested-images columns-default is-cropped wp-block-gallery-2 is-layout-flex wp-block-gallery-is-layout-flex\">\n<figure class=\"wp-block-image size-large\"><img decoding=\"async\" width=\"1024\" height=\"683\" data-id=\"2932\" src=\"https:\/\/atelierbycatarino.pt\/wp-content\/uploads\/2024\/06\/DSC02367-1024x683.jpg\" alt=\"\" class=\"wp-image-2932\" srcset=\"https:\/\/atelierbycatarino.pt\/wp-content\/uploads\/2024\/06\/DSC02367-1024x683.jpg 1024w, https:\/\/atelierbycatarino.pt\/wp-content\/uploads\/2024\/06\/DSC02367-300x200.jpg 300w, https:\/\/atelierbycatarino.pt\/wp-content\/uploads\/2024\/06\/DSC02367-768x512.jpg 768w, https:\/\/atelierbycatarino.pt\/wp-content\/uploads\/2024\/06\/DSC02367-1536x1024.jpg 1536w, https:\/\/atelierbycatarino.pt\/wp-content\/uploads\/2024\/06\/DSC02367-2048x1365.jpg 2048w, https:\/\/atelierbycatarino.pt\/wp-content\/uploads\/2024\/06\/DSC02367-18x12.jpg 18w, https:\/\/atelierbycatarino.pt\/wp-content\/uploads\/2024\/06\/DSC02367-600x400.jpg 600w\" sizes=\"(max-width: 1024px) 100vw, 1024px\" \/><\/figure>\n<\/figure>\n\n\n\n<p><strong>O evento<\/strong><\/p>\n\n\n\n<p>Ao longo do dia, a Catarino Joias e Rel\u00f3gios, esteve com uma din\u00e2mica que \u00e9 a nova tend\u00eancia do momento no mercado das joias: pulseiras permanentes. Esta nova din\u00e2mica atraiu muitos curiosos e interessados em conhecer mais sobre esta novidade.<\/p>\n\n\n\n<p><strong>O que s\u00e3o pulseiras permanentes?<\/strong><\/p>\n\n\n\n<p>As pulseiras permanentes s\u00e3o a \u00faltima tend\u00eancia em acess\u00f3rios! S\u00e3o soldadas diretamente no seu pulso, sem fechos, criando um design cont\u00ednuo e elegante que pode usar diariamente. Se ainda n\u00e3o conhece esta novidade, este \u00e9 o momento perfeito para descobrir e adicionar um toque especial ao seu estilo. Pode <a href=\"https:\/\/atelierbycatarino.pt\/en\/experiencias\/pulseiras-permanentes\/\" data-type=\"page\" data-id=\"2819\">ver mais detalhes aqui, no nosso site.<\/a> <\/p>\n\n\n\n<figure class=\"wp-block-gallery has-nested-images columns-default is-cropped wp-block-gallery-3 is-layout-flex wp-block-gallery-is-layout-flex\">\n<figure class=\"wp-block-image size-large\"><img decoding=\"async\" width=\"1024\" height=\"683\" data-id=\"2935\" src=\"https:\/\/atelierbycatarino.pt\/wp-content\/uploads\/2024\/06\/DSC02403-1024x683.jpg\" alt=\"\" class=\"wp-image-2935\" srcset=\"https:\/\/atelierbycatarino.pt\/wp-content\/uploads\/2024\/06\/DSC02403-1024x683.jpg 1024w, https:\/\/atelierbycatarino.pt\/wp-content\/uploads\/2024\/06\/DSC02403-300x200.jpg 300w, https:\/\/atelierbycatarino.pt\/wp-content\/uploads\/2024\/06\/DSC02403-768x512.jpg 768w, https:\/\/atelierbycatarino.pt\/wp-content\/uploads\/2024\/06\/DSC02403-1536x1024.jpg 1536w, https:\/\/atelierbycatarino.pt\/wp-content\/uploads\/2024\/06\/DSC02403-2048x1365.jpg 2048w, https:\/\/atelierbycatarino.pt\/wp-content\/uploads\/2024\/06\/DSC02403-18x12.jpg 18w, https:\/\/atelierbycatarino.pt\/wp-content\/uploads\/2024\/06\/DSC02403-600x400.jpg 600w\" sizes=\"(max-width: 1024px) 100vw, 1024px\" \/><\/figure>\n<\/figure>\n\n\n\n<p><strong>Vantagens das pulseiras permanentes<\/strong><\/p>\n\n\n\n<ol class=\"wp-block-list\">\n<li><strong>Durabilidade<\/strong>: Por n\u00e3o terem fechos, s\u00e3o menos propensas a soltarem-se ou a partir.<\/li>\n\n\n\n<li><strong>Simbologia<\/strong>: Muitas pessoas escolhem as pulseiras permanentes como uma forma de simbolizar a uni\u00e3o ou um momento especial.<\/li>\n\n\n\n<li><strong>Conveni\u00eancia<\/strong>: N\u00e3o h\u00e1 necessidade de remover e colocar a pulseira diariamente.<\/li>\n<\/ol>\n\n\n\n<p><strong>Processo de Aplica\u00e7\u00e3o<\/strong><\/p>\n\n\n\n<p>Tudo come\u00e7a com a escolha do modelo, em seguida, a malha \u00e9 ajustada ao tamanho do pulso do cliente e soldada no local, geralmente usando uma t\u00e9cnica de soldagem a laser que \u00e9 r\u00e1pida e indolor.<\/p>\n\n\n\n<figure class=\"wp-block-gallery has-nested-images columns-default is-cropped wp-block-gallery-4 is-layout-flex wp-block-gallery-is-layout-flex\">\n<figure class=\"wp-block-image size-large\"><img loading=\"lazy\" decoding=\"async\" width=\"1024\" height=\"683\" data-id=\"2933\" src=\"https:\/\/atelierbycatarino.pt\/wp-content\/uploads\/2024\/06\/DSC02397-1024x683.jpg\" alt=\"\" class=\"wp-image-2933\" srcset=\"https:\/\/atelierbycatarino.pt\/wp-content\/uploads\/2024\/06\/DSC02397-1024x683.jpg 1024w, https:\/\/atelierbycatarino.pt\/wp-content\/uploads\/2024\/06\/DSC02397-300x200.jpg 300w, https:\/\/atelierbycatarino.pt\/wp-content\/uploads\/2024\/06\/DSC02397-768x512.jpg 768w, https:\/\/atelierbycatarino.pt\/wp-content\/uploads\/2024\/06\/DSC02397-1536x1024.jpg 1536w, https:\/\/atelierbycatarino.pt\/wp-content\/uploads\/2024\/06\/DSC02397-2048x1365.jpg 2048w, https:\/\/atelierbycatarino.pt\/wp-content\/uploads\/2024\/06\/DSC02397-18x12.jpg 18w, https:\/\/atelierbycatarino.pt\/wp-content\/uploads\/2024\/06\/DSC02397-600x400.jpg 600w\" sizes=\"(max-width: 1024px) 100vw, 1024px\" \/><\/figure>\n<\/figure>\n\n\n\n<p><strong>Agendamento<\/strong><\/p>\n\n\n\n<p>Para garantir que todos t\u00eam uma experi\u00eancia fant\u00e1stica, recomendamos que fa\u00e7a a sua reserva para a cria\u00e7\u00e3o das pulseiras permanentes. Basta mandar um <a href=\"mailto:apoiocliente@atelierbycatarino.pt?subject=Agendamento - Pulseira Permanente\">email<\/a> para reservar o seu hor\u00e1rio e garantir a sua pulseira, ou atrav\u00e9s das nossas redes sociais.<\/p>\n\n\n\n<p>Instagram: <a href=\"https:\/\/www.instagram.com\/atelierbycatarino\/\" data-type=\"link\" data-id=\"https:\/\/www.instagram.com\/atelierbycatarino\/\">@atelierbycatarino<\/a><\/p>\n\n\n\n<p>Facebook: <a href=\"https:\/\/www.facebook.com\/profile.php?id=61557505644987\" data-type=\"link\" data-id=\"https:\/\/www.facebook.com\/profile.php?id=61557505644987\">\/atelierbycatarino<\/a><\/p>\n\n\n\n<p>Tiktok: <a href=\"https:\/\/www.tiktok.com\/@atelierbycatarino\" data-type=\"link\" data-id=\"https:\/\/www.tiktok.com\/@atelierbycatarino\">@atelierbycatarino<\/a><\/p>\n\n\n\n<p><strong>Agradecimento Especial<\/strong><\/p>\n\n\n\n<p>Queremos aproveitar esta ocasi\u00e3o para agradecer a todos os nossos clientes e amigos. Cada visita, cada compra e cada palavra de encorajamento contribu\u00edram para que cheg\u00e1ssemos at\u00e9 aqui. Este anivers\u00e1rio \u00e9 tanto nosso quanto vosso.<\/p>\n\n\n\n<p>At\u00e9 breve!<\/p>\n\n\n\n<hr class=\"wp-block-separator has-alpha-channel-opacity\"\/>\n\n\n\n<p>#Anivers\u00e1rioLojaMassam\u00e1 #PulseirasPermanentes #Lisboa #Sintra<\/p>","protected":false},"excerpt":{"rendered":"<p>Hoje celebramos o primeiro anivers\u00e1rio da nossa ourivesaria, Catarino Joias e Rel\u00f3gios, em Massam\u00e1. Foi no dia 18 de junho de 2023 que inaugur\u00e1mos a Catarino Joias e Rel\u00f3gios em Massam\u00e1. De maneira a celebrarmos o 1\u00ba anivers\u00e1rio da nossa ourivesaria, e assinalarmos esta data especial, prepar\u00e1mos um evento que conta com o nosso Atelier [&hellip;]<\/p>","protected":false},"author":4,"featured_media":2933,"comment_status":"closed","ping_status":"open","sticky":false,"template":"","format":"standard","meta":{"_acf_changed":false,"_monsterinsights_skip_tracking":false,"_monsterinsights_sitenote_active":false,"_monsterinsights_sitenote_note":"","_monsterinsights_sitenote_category":0,"footnotes":""},"categories":[1],"tags":[],"class_list":["post-2981","post","type-post","status-publish","format-standard","has-post-thumbnail","hentry","category-atelierbycatarino"],"acf":[],"_links":{"self":[{"href":"https:\/\/atelierbycatarino.pt\/en\/wp-json\/wp\/v2\/posts\/2981","targetHints":{"allow":["GET"]}}],"collection":[{"href":"https:\/\/atelierbycatarino.pt\/en\/wp-json\/wp\/v2\/posts"}],"about":[{"href":"https:\/\/atelierbycatarino.pt\/en\/wp-json\/wp\/v2\/types\/post"}],"author":[{"embeddable":true,"href":"https:\/\/atelierbycatarino.pt\/en\/wp-json\/wp\/v2\/users\/4"}],"replies":[{"embeddable":true,"href":"https:\/\/atelierbycatarino.pt\/en\/wp-json\/wp\/v2\/comments?post=2981"}],"version-history":[{"count":1,"href":"https:\/\/atelierbycatarino.pt\/en\/wp-json\/wp\/v2\/posts\/2981\/revisions"}],"predecessor-version":[{"id":2982,"href":"https:\/\/atelierbycatarino.pt\/en\/wp-json\/wp\/v2\/posts\/2981\/revisions\/2982"}],"wp:featuredmedia":[{"embeddable":true,"href":"https:\/\/atelierbycatarino.pt\/en\/wp-json\/wp\/v2\/media\/2933"}],"wp:attachment":[{"href":"https:\/\/atelierbycatarino.pt\/en\/wp-json\/wp\/v2\/media?parent=2981"}],"wp:term":[{"taxonomy":"category","embeddable":true,"href":"https:\/\/atelierbycatarino.pt\/en\/wp-json\/wp\/v2\/categories?post=2981"},{"taxonomy":"post_tag","embeddable":true,"href":"https:\/\/atelierbycatarino.pt\/en\/wp-json\/wp\/v2\/tags?post=2981"}],"curies":[{"name":"wp","href":"https:\/\/api.w.org\/{rel}","templated":true}]}}